{"id":862,"date":"2012-03-04T21:08:08","date_gmt":"2012-03-04T20:08:08","guid":{"rendered":"http:\/\/www.svagamente.org\/?p=862"},"modified":"2012-03-04T21:08:08","modified_gmt":"2012-03-04T20:08:08","slug":"secondo-raduno-nazionale-team-under-19-resoconto","status":"publish","type":"post","link":"http:\/\/www.svagamente.org\/?p=862","title":{"rendered":"SECONDO RADUNO NAZIONALE TEAM UNDER 19 &#8211; Resoconto"},"content":{"rendered":"<p>Riporto parte dell&#8217;articolo pubblicato sul sito della <a href=\"http:\/\/www.federvela.it\/node\/9637\" target=\"_blank\">FEDERVELA<\/a>:<\/p>\n<p style=\"text-align: justify;\">Si \u00e8 svolto presso il Circolo Nautico Loano, dal 17 al 23 febbraio, il secondo raduno nazionale del Team Under 19, indetto dalla Federazione Italiana Vela nell&#8217;ambito del progetto &#8220;&#8230;Verso Rio 2016&#8221;.<\/p>\n<p style=\"text-align: justify;\">Il raduno di Loano, al quale hanno partecipato 20 equipaggi delle classi 420, 29er e <a href=\"http:\/\/www.svagamente.org\/?p=571\" target=\"_blank\">Hobie Cat 16<\/a>, ha concluso il periodo di preparazione invernale ed \u00e8 stato anche l&#8217;ultimo incontro di verifica dell&#8217;attivit\u00e0 svolta dal Team Under 19 in questa parte della stagione. Il prossimo appuntamento \u00e8 fissato a Malcesine (14 &#8211; 18 giugno) dove \u00e8 prevista un&#8217;attivit\u00e0 di verifica specifica per le squadre che parteciperanno ai diversi campionati internazionali.<\/p>\n<p style=\"text-align: justify;\">Al termine del raduno i tecnici federali che hanno coordinato l&#8217;attivit\u00e0 hanno tracciato un bilancio.<\/p>\n<p style=\"text-align: justify;\">&#8220;Per il gruppo <a href=\"http:\/\/www.svagamente.org\/?p=571\" target=\"_blank\">Hobie Cat 16<\/a> &#8211; ha detto Matteo Nicolucci, tecnico federale per i multiscafi &#8211; il numero inferiore di equipaggi convocati, rispetto al raduno di gennaio, ha permesso di svolgere un lavoro pi\u00f9 mirato per i soli Under 19, gi\u00e0 valutati positivamente in precedenza e che possono avere la possibilit\u00e0 di centrare la selezione per il Campionato Mondiale Isaf e Eurosaf per la categoria Youth, che rappresentano l&#8217;obiettivo stagionale 2012.<br \/>\nLe giornate sono state caratterizzate da buone condizioni meteo e di vento, permettendoci di lavorare in acqua con buona intensit\u00e0 nella ripetizione degli esercizi di aspetto tecnico proposti. Siamo stati anche in grado di effettuare lo studio trigonometrico nelle simulazioni di gara su un campo di regata simile a quello proposto dall&#8217;ISAF per il Mondiale e all&#8217;Eurosaf (Boa di disimpegno alla bolina, Gate di Poppa, segnali preparatori caratterizzati dalla lettera P, tre giri di percorso).<br \/>\nGli equipaggi &#8211; ha proseguito Nicolucci &#8211; hanno svolto tutti gli esercizi proposti ai briefing del mattino senza grandi difficolt\u00e0, lavorando con attenzione metodologica. I ragazzi hanno fatto un riscaldamento sul campo di allenamento e svolto le esercitazioni tecniche con massima intensit\u00e0. A loro \u00e8 stato richiesto un picco massimo di prestazione sugli esercizi di manovre in boa e nei test di partenza con blocchi. Inoltre per perfezionare la tecnica e abituarli a scelte obbligate ritenute utili nella preparazione al multiscafo, gli abbiamo fatto correre regate con obblighi di scelte strategiche nei primi due giri a bastone. Nella giornata di luned\u00ec non \u00e8 stato possibile uscire in acqua per le avverse condizioni meteo (vento con punte tra i 35 38 nodi) mentre l&#8217;ultimo giorno abbiamo condotto due test di regata con vento sostenuto (con punte rilevate alla boa di bolina fino a 27 nodi).<\/p>\n<p style=\"text-align: justify;\">Marco Iazzetta ha fatto il punto invece sulla programmazione e la metodologia della preparazione: &#8220;Grazie alla consulenza del prof. Benini, alla tavola rotonda gestita da Adriano Stella al termine del raduno scorso, al confronto con tutti i tecnici e al coordinamento, la programmazione della routine di questo raduno \u00e8 stata programmata in modo meno pressante per i ragazzi. La nuova routine e il programma distribuito su 4 giorni ci hanno permesso di avere un maggior confronto con ragazzi e allenatori su varie tematiche.<br \/>\nAbbiamo avuto modo di lavorare approfonditamente sulla routine di attivazione mattutina che, alla fine di questo ciclo di raduni, i ragazzi hanno fatto propria e personalizzato. La continuit\u00e0 metodologica e la presenza del tecnico Fabio Barbieri, che si dedica al monitoraggio dell&#8217;allenamento, hanno permesso di oggettivare chiaramente il lavoro svolto aumentando la capacit\u00e0 dei ragazzi di autovalutarsi.<br \/>\nIl lavoro in acqua \u00e8 stato positivo anche se abbiamo avuto un giorno di tramontana davvero troppo intensa per scendere in acqua. Rispetto allo scorso anno devo dire che siamo stati pi\u00f9 fortunati con il meteo e globalmente abbiamo svolto un bel blocco di lavoro. L&#8217;ultimo giorno abbiamo regato tutti insieme su un unico campo a quadrilatero. Le condizioni sono state difficili con raffiche fino a 27 nodi soprattutto per coloro che ancora non erano a proprio agio con queste intensit\u00e0. Da ora fino a giugno &#8211; ha concluso Iazzetta &#8211; i ragazzi saranno impegnati nelle regate di selezione. Il nostro intervento continuer\u00e0 fornendo le informazioni utili necessarie all&#8217;organizzazione delle regate obiettivo e monitorando a distanza il lavoro insieme ai tecnici di circolo.&#8221;<\/p>\n<p style=\"text-align: justify;\">Questi gli equipaggi e i tecnici di circolo per la classe <a href=\"http:\/\/www.svagamente.org\/?p=571\" target=\"_blank\">HOBIE CAT 16<\/a> presenti al raduno di Loano:<\/p>\n<p>Andrea Martinelli &#8211; Viola Monaci (CC Aniene)<br \/>\nMarsaglia- Ugolini (CC. Aniene \u2013 Centro Velico Le sirene)<br \/>\nRoberti &#8211; Scabardi (LNI sez. Ostia)<br \/>\n<strong>Vittoria Mascioli- Andrea Di Nisio (CdV Pescara &#8211; Team Svagamente)<\/strong><\/p>\n<p>Allenatori di circolo in affiancamento:<br \/>\n<strong>Mauro Di Feliciantonio (CdV Pescara &#8211; Team Svagamente)<\/strong><br \/>\nFederico Gattuso (LNI Ostia)<\/p>\n<fb:like href='http:\/\/www.svagamente.org\/?p=862' send='true' layout='standard' show_faces='true' width='450' height='65' action='recommend' colorscheme='light' font='lucida+grande'><\/fb:like>","protected":false},"excerpt":{"rendered":"<p>Riporto parte dell&#8217;articolo pubblicato sul sito della FEDERVELA: Si \u00e8 svolto presso il Circolo Nautico Loano, dal 17 al 23 febbraio, il secondo raduno nazionale&#8230;<\/p>\n","protected":false},"author":1,"featured_media":161,"comment_status":"open","ping_status":"open","sticky":false,"template":"","format":"standard","meta":[],"categories":[1],"tags":[],"_links":{"self":[{"href":"http:\/\/www.svagamente.org\/index.php?rest_route=\/wp\/v2\/posts\/862"}],"collection":[{"href":"http:\/\/www.svagamente.org\/index.php?rest_route=\/wp\/v2\/posts"}],"about":[{"href":"http:\/\/www.svagamente.org\/index.php?rest_route=\/wp\/v2\/types\/post"}],"author":[{"embeddable":true,"href":"http:\/\/www.svagamente.org\/index.php?rest_route=\/wp\/v2\/users\/1"}],"replies":[{"embeddable":true,"href":"http:\/\/www.svagamente.org\/index.php?rest_route=%2Fwp%2Fv2%2Fcomments&post=862"}],"version-history":[{"count":1,"href":"http:\/\/www.svagamente.org\/index.php?rest_route=\/wp\/v2\/posts\/862\/revisions"}],"predecessor-version":[{"id":863,"href":"http:\/\/www.svagamente.org\/index.php?rest_route=\/wp\/v2\/posts\/862\/revisions\/863"}],"wp:featuredmedia":[{"embeddable":true,"href":"http:\/\/www.svagamente.org\/index.php?rest_route=\/wp\/v2\/media\/161"}],"wp:attachment":[{"href":"http:\/\/www.svagamente.org\/index.php?rest_route=%2Fwp%2Fv2%2Fmedia&parent=862"}],"wp:term":[{"taxonomy":"category","embeddable":true,"href":"http:\/\/www.svagamente.org\/index.php?rest_route=%2Fwp%2Fv2%2Fcategories&post=862"},{"taxonomy":"post_tag","embeddable":true,"href":"http:\/\/www.svagamente.org\/index.php?rest_route=%2Fwp%2Fv2%2Ftags&post=862"}],"curies":[{"name":"wp","href":"https:\/\/api.w.org\/{rel}","templated":true}]}}