{"id":908,"date":"2012-04-01T15:01:54","date_gmt":"2012-04-01T14:01:54","guid":{"rendered":"http:\/\/www.svagamente.org\/?p=908"},"modified":"2012-04-01T22:55:08","modified_gmt":"2012-04-01T21:55:08","slug":"evaluation-del-catamarano-misto-a-santander","status":"publish","type":"post","link":"http:\/\/www.svagamente.org\/?p=908","title":{"rendered":"Evaluation del catamarano misto a Santander"},"content":{"rendered":"<p style=\"text-align: justify;\">A Santander in Spagna c&#8217;erano anche il campione del mondo Formula 18 <strong>Thijs Visser<\/strong> e la campionessa del mondo formula 16\u00a0<strong>Celine Van Dooren<\/strong> che, in coppia, hanno effettuato i test sui catamarani candidati per le classi olimpiche di RIO 2016.<\/p>\n<p style=\"text-align: justify;\">Un articolo di <strong>Marco Iazzetta<\/strong> su <a href=\"http:\/\/vela.blogosfere.it\/2012\/03\/multihull-evaluation-le-impressioni-del-campione-thijs-visser.html\" target=\"_blank\">Blogsfere<\/a> riporta l&#8217;intervista rilasciata a Thijs Visser alla fine delle prove:<\/p>\n<p style=\"text-align: justify;\">&#8211;\u00a0<strong><em>Con chi sei uscito in barca? Era la prima volta che navigavate assieme?<\/em><\/strong><\/p>\n<p style=\"text-align: justify;\">Sono uscito in barca con\u00a0<strong>Celine Van Dooren<\/strong>: ha vinto il campionato del mondo F16 con Bundock ed \u00e8 una prodiera tosta. \u00a0Sono stato contento di farle fare il lavoro faticoso a prua, mentre mi riposavo tenendo solo timone.<\/p>\n<p style=\"text-align: justify;\">No, non avevamo\u00a0mai navigato\u00a0prima assieme, ma ci conosciamo abbastanza bene. Credo che siamo un bel equipaggio! L&#8217;ISAF ha selezionato due velisti olandesi per<span style=\"text-decoration: underline;\"> l<a href=\"http:\/\/vela.blogosfere.it\/2012\/01\/isaf-si-invitano-a-santander-gli-atleti-per-le-evaluation.html\" target=\"_blank\">a evaluation del catamarano<\/a>\u00a0<\/span>misto: un uomo e una donna. Ecco come ci siamo ritrovati qui in Spagna assieme la settimana scorsa! La nostra richiesta di partecipazione ai trials \u00e8 passata attraverso la Dutch Sailing Association e siamo stati inviati con l&#8217;obiettivo di provare e valutare le barche.<\/p>\n<p style=\"text-align: justify;\"><strong>&#8211; Dovevate fare un report dopo ogni sessione in acqua?<\/strong><\/p>\n<p style=\"text-align: justify;\">Si, dopo ogni sessione in acqua dovevamo compilare un form,\u00a0uno per ogni barca\u00a0che provavi. Le domande riguardavano principalmente le performance della barca\u00a0in diverse condizioni di vento, ma anche il carico delle scotte, la nostra opinione sul peso ideale dell&#8217;equipaggio, sulla sicurezza, e il nostro divertimento.<\/p>\n<p style=\"text-align: justify;\"><em><strong>&#8211; Avete provato tutte le barche?<\/strong><\/em><\/p>\n<p style=\"text-align: justify;\">Si, come tutti. L&#8217;obiettivo era quello di far ruotare tutti i team su tutte le barche per tre volte. La prima era volta a conoscere la barca, la seconda si regatava in acqua piatta, la terza si regatava in condizioni pi\u00f9 difficili con vento e onda. Il piano era di provare 4 barche al giorno; in realt\u00e0, a causa delle sfavorevoli condizioni del vento, non \u00e8 stato cos\u00ec e non tutti i team sono stati in grado di provare la barca le 3 volte previste.<\/p>\n<p style=\"text-align: justify;\"><strong><em>&#8211; Secondo te, qual \u00e8 la barca migliore per un equipaggio misto?<\/em><\/strong><\/p>\n<p style=\"text-align: justify;\">Penso che il\u00a0<a title=\"nacra 17\" href=\"http:\/\/vela.blogosfere.it\/2012\/02\/olimpiadi-di-rio-multihull-evaluation-nacra-17-pronto-ad-essere-testato.html\" target=\"_blank\">Nacra 17<\/a>\u00a0\u00e8 la barca che\u00a0meglio si adatta\u00a0ad un equipaggio misto. E&#8217; della taglia giusta e mi piace molto la tecnologia che c&#8217;\u00e8 dietro! E&#8217; divertente e stimolante da navigare, ma non \u00e8 troppo faticosa fisicamente, cosa buona per gli equipaggi misti. Essendo una barca nuova, non \u00e8 ancora perfettamente armata come il Tornado e il\u00a0<a title=\"viper16\" href=\"http:\/\/vela.blogosfere.it\/2011\/06\/silvia-e-lara-sicouri-campionesse-italiane-formula-16.html\" target=\"_blank\">Viper<\/a>, ma \u00e8 gi\u00e0 molto divertente.\u00a0Le derive curve funzionano\u00a0davvero bene e permettono di virare e strambare molto pi\u00f9 agilmente. Questo permetterebbe di lavorare molto di pi\u00f9 sulla tattica di regata.<\/p>\n<p style=\"text-align: justify;\"><em><strong>&#8211; In generale, secondo te qual \u00e8 la barca migliore da timonare?<\/strong><\/em><\/p>\n<p style=\"text-align: justify;\">E&#8217; difficile! Mi \u00e8 piaciuto molto il Tornado ad esempio. Tutto funziona su quella barca. E&#8217; molto semplice da timonare ed \u00e8 veloce, ma \u00e8 molto lento a virare in confronto alle barche pi\u00f9 nuove, pi\u00f9 piccole e pi\u00f9 leggere. Personalmente preferisco barche con\u00a0maggiore manovrabilit\u00e0\u00a0che mi permettono di lavorare maggiormente sulla tattica in regata.<\/p>\n<p style=\"text-align: justify;\">Il\u00a0Viper\u00a0e il\u00a0Nacra16\u00a0sono divertentissimi, molto facili da usare e piacevoli in regata. Tuttavia li ho sentiti\u00a0un po&#8217; stretti\u00a0per me e mi sembrerebbe di fare un passo indietro\u00a0<a href=\"http:\/\/vela.blogosfere.it\/cerca\/?search=campionato+nazionale+formula+18\" target=\"_blank\">venendo dal F18<\/a>. Alla fine la barca che mi ha entusiasmato di pi\u00f9 rimane il Nacra17.<\/p>\n<p style=\"text-align: justify;\"><em><strong>&#8211; Quale dovrebbe essere la barca selezionata, e perch\u00e8?<\/strong><\/em><\/p>\n<p style=\"text-align: justify;\">Ci ho pensato molto in questi ultimi mesi e penso che la barca scelta debba essere\u00a0eccitante da usare\u00a0e\u00a0bella da vedere. Come per gli\u00a0<a title=\"AC45\" href=\"http:\/\/vela.blogosfere.it\/tag\/AC45\" target=\"_blank\">AC45<\/a>\u00a0e i\u00a0<a href=\"http:\/\/vela.blogosfere.it\/2011\/05\/selezioni-olimpiche-la-vittoria-dei-sibello-si-vede-sul-web.html\" target=\"_blank\">49er<\/a>, gli spettatori devono subito percepire che le barche sono impegnative e gli equipaggi sono veri professionisti. Se decidessi di intraprendere una campagna olimpica vorrei usare una barca che rappresenta\u00a0uno step verso il futuro, cos\u00ec il design pu\u00f2 durare per i prossimi vent&#8217;anni (Anche se spero di avere due classe di catamarani nel 2020!). La barca dovrebbe essere di alta qualit\u00e0 cos\u00ec da permettere agli equipaggi di usarla intensivamente per almeno due anni prima di cambiarla. Penso che la barca che risponde a tutte questi criteri sia il\u00a0Nacra17.<\/p>\n<p style=\"text-align: justify;\"><em><strong>&#8211; Altre considerazioni che vuoi condividere con noi?<\/strong><\/em><\/p>\n<p style=\"text-align: justify;\">Questi trials sono stati\u00a0interessanti\u00a0non solo per testare le barche, ma anche per cominciare a capire che cosa significa andare in barca con una donna e per conoscere altri team che, come me, sono interessati a cominciare una campagna olimpica. Nonostante io e Celine abbiamo avuto una\u00a0ottima settimana\u00a0assieme, un equipaggio misto \u00e8 abbastanza\u00a0complicato\u00a0da gestire. Sarebbe bene avere un allenatore che oltre ad avere ottime competenze veliche sia in grado di gestire le relazioni di coppia&#8230; E ci sono anche degli aspetti pratici negativi: l&#8217;attesa delle donne per vestirsi per andare in acqua, il fatto che un membro dell&#8217;equipaggio sia in grado di fare pip\u00ec quando sono gi\u00e0 stati dati i 5 minuti alla partenza mentre l&#8217;altro no&#8230;<\/p>\n<p style=\"text-align: justify;\">La cosa positiva \u00e8 che c&#8217;\u00e8 sempre un ottimo asciugacapelli che ti permette di fare riparazioni notturne sul poliestere molto pi\u00f9 velocemente!<\/p>\n<p style=\"text-align: justify;\"><strong><em><br \/>\n<\/em><\/strong><\/p>\n<fb:like href='http:\/\/www.svagamente.org\/?p=908' send='true' layout='standard' show_faces='true' width='450' height='65' action='recommend' colorscheme='light' font='lucida+grande'><\/fb:like>","protected":false},"excerpt":{"rendered":"<p>A Santander in Spagna c&#8217;erano anche il campione del mondo Formula 18 Thijs Visser e la campionessa del mondo formula 16\u00a0Celine Van Dooren che, in&#8230;<\/p>\n","protected":false},"author":1,"featured_media":161,"comment_status":"open","ping_status":"open","sticky":false,"template":"","format":"standard","meta":[],"categories":[1],"tags":[],"_links":{"self":[{"href":"http:\/\/www.svagamente.org\/index.php?rest_route=\/wp\/v2\/posts\/908"}],"collection":[{"href":"http:\/\/www.svagamente.org\/index.php?rest_route=\/wp\/v2\/posts"}],"about":[{"href":"http:\/\/www.svagamente.org\/index.php?rest_route=\/wp\/v2\/types\/post"}],"author":[{"embeddable":true,"href":"http:\/\/www.svagamente.org\/index.php?rest_route=\/wp\/v2\/users\/1"}],"replies":[{"embeddable":true,"href":"http:\/\/www.svagamente.org\/index.php?rest_route=%2Fwp%2Fv2%2Fcomments&post=908"}],"version-history":[{"count":7,"href":"http:\/\/www.svagamente.org\/index.php?rest_route=\/wp\/v2\/posts\/908\/revisions"}],"predecessor-version":[{"id":916,"href":"http:\/\/www.svagamente.org\/index.php?rest_route=\/wp\/v2\/posts\/908\/revisions\/916"}],"wp:featuredmedia":[{"embeddable":true,"href":"http:\/\/www.svagamente.org\/index.php?rest_route=\/wp\/v2\/media\/161"}],"wp:attachment":[{"href":"http:\/\/www.svagamente.org\/index.php?rest_route=%2Fwp%2Fv2%2Fmedia&parent=908"}],"wp:term":[{"taxonomy":"category","embeddable":true,"href":"http:\/\/www.svagamente.org\/index.php?rest_route=%2Fwp%2Fv2%2Fcategories&post=908"},{"taxonomy":"post_tag","embeddable":true,"href":"http:\/\/www.svagamente.org\/index.php?rest_route=%2Fwp%2Fv2%2Ftags&post=908"}],"curies":[{"name":"wp","href":"https:\/\/api.w.org\/{rel}","templated":true}]}}